{"id":9527,"date":"2023-01-25T14:03:24","date_gmt":"2023-01-25T14:03:24","guid":{"rendered":"https:\/\/www.cst.ch\/?p=9527"},"modified":"2023-01-25T14:03:25","modified_gmt":"2023-01-25T14:03:25","slug":"cst-commence-les-travaux-sur-le-terrain","status":"publish","type":"post","link":"https:\/\/www.cst.ch\/fr\/cst-commence-les-travaux-sur-le-terrain\/","title":{"rendered":"CST commence les travaux sur le terrain"},"content":{"rendered":"<p>[et_pb_section fb_built=\u00a0\u00bb1&Prime; fullwidth=\u00a0\u00bbon\u00a0\u00bb disabled_on=\u00a0\u00bbon|on|off\u00a0\u00bb module_id=\u00a0\u00bbstickymenu\u00a0\u00bb _builder_version=\u00a0\u00bb4.16&Prime; background_color=\u00a0\u00bb#ffffff\u00a0\u00bb max_width=\u00a0\u00bb103%\u00a0\u00bb module_alignment=\u00a0\u00bbcenter\u00a0\u00bb custom_padding=\u00a0\u00bb0px|0px|0|0px|false|false\u00a0\u00bb custom_css_main_element=\u00a0\u00bbheight: 70px;\u00a0\u00bb global_colors_info=\u00a0\u00bb{}\u00a0\u00bb][et_pb_fullwidth_menu fullwidth_menu=\u00a0\u00bbon\u00a0\u00bb _builder_version=\u00a0\u00bb4.16&Prime; menu_font=\u00a0\u00bb||||||||\u00a0\u00bb menu_font_size=\u00a0\u00bb16px\u00a0\u00bb menu_letter_spacing=\u00a0\u00bb2px\u00a0\u00bb text_orientation=\u00a0\u00bbcenter\u00a0\u00bb custom_margin=\u00a0\u00bb-35px|-100%||-100%\u00a0\u00bb custom_margin_tablet=\u00a0\u00bb\u00a0\u00bb custom_margin_phone=\u00a0\u00bb\u00a0\u00bb custom_margin_last_edited=\u00a0\u00bbon|desktop\u00a0\u00bb custom_css_main_element=\u00a0\u00bbheight: 70px;\t\u00a0\u00bb border_width_bottom=\u00a0\u00bb1px\u00a0\u00bb global_colors_info=\u00a0\u00bb{}\u00a0\u00bb][\/et_pb_fullwidth_menu][\/et_pb_section][et_pb_section fb_built=\u00a0\u00bb1&Prime; _builder_version=\u00a0\u00bb4.16&Prime; custom_margin=\u00a0\u00bb20px||\u00a0\u00bb custom_padding=\u00a0\u00bb0|0px|0|0px|false|false\u00a0\u00bb global_colors_info=\u00a0\u00bb{}\u00a0\u00bb][et_pb_row _builder_version=\u00a0\u00bb4.16&Prime; custom_padding=\u00a0\u00bb7px|0px|0|0px|false|false\u00a0\u00bb global_colors_info=\u00a0\u00bb{}\u00a0\u00bb][et_pb_column type=\u00a0\u00bb4_4&Prime; _builder_version=\u00a0\u00bb4.16&Prime; custom_padding=\u00a0\u00bb|||\u00a0\u00bb custom_css_main_element=\u00a0\u00bbmin-height: 1px !important;\u00a0\u00bb global_colors_info=\u00a0\u00bb{}\u00a0\u00bb custom_padding__hover=\u00a0\u00bb|||\u00a0\u00bb][et_pb_image src=\u00a0\u00bbhttps:\/\/cst.ch\/wp-content\/uploads\/2019\/03\/CST_Logo_200.png\u00a0\u00bb url=\u00a0\u00bb\/fr\u00a0\u00bb align=\u00a0\u00bbcenter\u00a0\u00bb align_tablet=\u00a0\u00bbcenter\u00a0\u00bb align_phone=\u00a0\u00bb\u00a0\u00bb align_last_edited=\u00a0\u00bbon|desktop\u00a0\u00bb _builder_version=\u00a0\u00bb4.16&Prime; global_colors_info=\u00a0\u00bb{}\u00a0\u00bb][\/et_pb_image][\/et_pb_column][\/et_pb_row][\/et_pb_section][et_pb_section fb_built=\u00a0\u00bb1&Prime; _builder_version=\u00a0\u00bb4.16&Prime; custom_padding=\u00a0\u00bb0|0px|51px|0px|false|false\u00a0\u00bb global_colors_info=\u00a0\u00bb{}\u00a0\u00bb][et_pb_row column_structure=\u00a0\u00bb1_2,1_2&Prime; use_custom_gutter=\u00a0\u00bbon\u00a0\u00bb gutter_width=\u00a0\u00bb1&Prime; make_equal=\u00a0\u00bbon\u00a0\u00bb module_class=\u00a0\u00bbgq_r_fixed_buttons\u00a0\u00bb _builder_version=\u00a0\u00bb4.18.0&Prime; custom_padding=\u00a0\u00bb12px|0px|0px|0px|false|false\u00a0\u00bb global_colors_info=\u00a0\u00bb{}\u00a0\u00bb][et_pb_column type=\u00a0\u00bb1_2&Prime; module_class=\u00a0\u00bbmarginone\u00a0\u00bb _builder_version=\u00a0\u00bb4.16&Prime; background_color=\u00a0\u00bb#ebebeb\u00a0\u00bb custom_padding=\u00a0\u00bb|||\u00a0\u00bb custom_css_main_element=\u00a0\u00bb||\u00a0\u00bb global_colors_info=\u00a0\u00bb{}\u00a0\u00bb custom_padding__hover=\u00a0\u00bb|||\u00a0\u00bb][et_pb_post_title author=\u00a0\u00bboff\u00a0\u00bb date_format=\u00a0\u00bbj. M. Y\u00a0\u00bb categories=\u00a0\u00bboff\u00a0\u00bb comments=\u00a0\u00bboff\u00a0\u00bb featured_image=\u00a0\u00bboff\u00a0\u00bb text_color=\u00a0\u00bblight\u00a0\u00bb _builder_version=\u00a0\u00bb4.16&Prime; title_text_color=\u00a0\u00bb#3ebfac\u00a0\u00bb title_font_size=\u00a0\u00bb36px\u00a0\u00bb meta_text_color=\u00a0\u00bb#373739&Prime; module_alignment=\u00a0\u00bbcenter\u00a0\u00bb global_colors_info=\u00a0\u00bb{}\u00a0\u00bb]<br \/>\n[\/et_pb_post_title][et_pb_divider show_divider=\u00a0\u00bboff\u00a0\u00bb _builder_version=\u00a0\u00bb4.16&Prime; height=\u00a0\u00bb54px\u00a0\u00bb global_colors_info=\u00a0\u00bb{}\u00a0\u00bb]<br \/>\n[\/et_pb_divider][et_pb_image src=\u00a0\u00bbhttps:\/\/www.cst.ch\/wp-content\/uploads\/2023\/01\/RZ_D_Karte_Teilstrecke_1_Hubs_Planung_270722.png\u00a0\u00bb title_text=\u00a0\u00bbRZ_D_Karte_Teilstrecke_1_Hubs_Planung_270722&Prime; _builder_version=\u00a0\u00bb4.19.4&Prime; global_colors_info=\u00a0\u00bb{}\u00a0\u00bb][\/et_pb_image][\/et_pb_column][et_pb_column type=\u00a0\u00bb1_2&Prime; module_class=\u00a0\u00bbwidth49&Prime; _builder_version=\u00a0\u00bb4.16&Prime; background_color=\u00a0\u00bb#c5ece6&Prime; custom_padding=\u00a0\u00bb|15px||\u00a0\u00bb global_colors_info=\u00a0\u00bb{}\u00a0\u00bb custom_padding__hover=\u00a0\u00bb|||\u00a0\u00bb][et_pb_text _builder_version=\u00a0\u00bb4.19.4&Prime; hover_enabled=\u00a0\u00bb0&Prime; global_colors_info=\u00a0\u00bb{}\u00a0\u00bb sticky_enabled=\u00a0\u00bb0&Prime;]<\/p>\n<div class=\"page\" title=\"Page 1\">\n<div class=\"section\">\n<div class=\"layoutArea\">\n<p>Cargo sous terrain (CST) lance les travaux sur le terrain. Gr\u00e2ce \u00e0 des forages et des mesures g\u00e9ophysiques, CST obtient des informations pr\u00e9cises sur le sous-sol afin de concr\u00e9tiser le premier tron\u00e7on entre H\u00e4rkingen et Zurich. Ces premi\u00e8res donn\u00e9es permettent le lancement de la proc\u00e9dure d\u2019autorisation de construire pour que le syst\u00e8me logistique puisse \u00eatre op\u00e9rationnel en 2031, comme pr\u00e9vu, et ainsi d\u00e9lester les voies de transport et am\u00e9liorer la qualit\u00e9 de vie.<\/p>\n<\/div>\n<\/div>\n<\/div>\n<p>[\/et_pb_text][et_pb_text _builder_version=\u00a0\u00bb4.19.4&Prime; text_font=\u00a0\u00bb||||||||\u00a0\u00bb module_alignment=\u00a0\u00bbcenter\u00a0\u00bb custom_margin=\u00a0\u00bb20px||\u00a0\u00bb link_option_url_new_window=\u00a0\u00bbon\u00a0\u00bb hover_enabled=\u00a0\u00bb0&Prime; global_colors_info=\u00a0\u00bb{}\u00a0\u00bb sticky_enabled=\u00a0\u00bb0&Prime;]<\/p>\n<p><a href=\"https:\/\/www.cst.ch\/wp-content\/uploads\/2023\/01\/230125_MM_CST_F.pdf\">CST commence les travaux sur le terrain (Communiqu\u00e9 de presse du 25 jan. 2023)<\/a><\/p>\n<p>&nbsp;<\/p>\n<p>&nbsp;<\/p>\n<p>[\/et_pb_text][et_pb_button button_url=\u00a0\u00bbhttps:\/\/www.cst.ch\/fr\/cst-blog\/\u00a0\u00bb button_text=\u00a0\u00bbRetour \u00e0 la vue d&rsquo;ensemble\u00a0\u00bb _builder_version=\u00a0\u00bb4.16&Prime; global_colors_info=\u00a0\u00bb{}\u00a0\u00bb]<br \/>\n[\/et_pb_button][\/et_pb_column][\/et_pb_row][et_pb_row _builder_version=\u00a0\u00bb4.16&Prime; global_colors_info=\u00a0\u00bb{}\u00a0\u00bb][et_pb_column type=\u00a0\u00bb4_4&Prime; _builder_version=\u00a0\u00bb4.16&Prime; custom_padding=\u00a0\u00bb|||\u00a0\u00bb custom_css_main_element=\u00a0\u00bbmin-height:1px\u00a0\u00bb global_colors_info=\u00a0\u00bb{}\u00a0\u00bb custom_padding__hover=\u00a0\u00bb|||\u00a0\u00bb][et_pb_post_nav _builder_version=\u00a0\u00bb4.16&Prime; global_colors_info=\u00a0\u00bb{}\u00a0\u00bb]<br \/>\n[\/et_pb_post_nav][\/et_pb_column][\/et_pb_row][\/et_pb_section]<\/p>\n","protected":false},"excerpt":{"rendered":"<p>Cargo sous terrain (CST) lance les travaux sur le terrain. Gr\u00e2ce \u00e0 des forages et des mesures g\u00e9ophysiques, CST obtient des informations pr\u00e9cises sur le sous-sol afin de concr\u00e9tiser le premier tron\u00e7on entre H\u00e4rkingen et Zurich. Ces premi\u00e8res donn\u00e9es permettent le lancement de la proc\u00e9dure d\u2019autorisation de construire pour que le syst\u00e8me logistique puisse \u00eatre [&hellip;]<\/p>\n","protected":false},"author":4,"featured_media":9536,"comment_status":"closed","ping_status":"closed","sticky":false,"template":"","format":"standard","meta":{"_et_pb_use_builder":"on","_et_pb_old_content":"","_et_gb_content_width":"","inline_featured_image":false,"footnotes":""},"categories":[12],"tags":[],"class_list":["post-9527","post","type-post","status-publish","format-standard","has-post-thumbnail","hentry","category-non-classifiee"],"yoast_head":"<!-- This site is optimized with the Yoast SEO plugin v27.5 - https:\/\/yoast.com\/product\/yoast-seo-wordpress\/ -->\n<title>CST commence les travaux sur le terrain - Cargo sous terrain<\/title>\n<meta name=\"robots\" content=\"index, follow, max-snippet:-1, max-image-preview:large, max-video-preview:-1\" \/>\n<link rel=\"canonical\" href=\"https:\/\/www.cst.ch\/fr\/cst-commence-les-travaux-sur-le-terrain\/\" \/>\n<meta property=\"og:locale\" content=\"fr_FR\" \/>\n<meta property=\"og:type\" content=\"article\" \/>\n<meta property=\"og:title\" content=\"CST commence les travaux sur le terrain - Cargo sous terrain\" \/>\n<meta property=\"og:description\" content=\"Cargo sous terrain (CST) lance les travaux sur le terrain. Gr\u00e2ce \u00e0 des forages et des mesures g\u00e9ophysiques, CST obtient des informations pr\u00e9cises sur le sous-sol afin de concr\u00e9tiser le premier tron\u00e7on entre H\u00e4rkingen et Zurich. Ces premi\u00e8res donn\u00e9es permettent le lancement de la proc\u00e9dure d\u2019autorisation de construire pour que le syst\u00e8me logistique puisse \u00eatre [&hellip;]\" \/>\n<meta property=\"og:url\" content=\"https:\/\/www.cst.ch\/fr\/cst-commence-les-travaux-sur-le-terrain\/\" \/>\n<meta property=\"og:site_name\" content=\"Cargo sous terrain\" \/>\n<meta property=\"article:published_time\" content=\"2023-01-25T14:03:24+00:00\" \/>\n<meta property=\"article:modified_time\" content=\"2023-01-25T14:03:25+00:00\" \/>\n<meta property=\"og:image\" content=\"https:\/\/www.cst.ch\/wp-content\/uploads\/2023\/01\/RZ_D_Karte_Teilstrecke_1_Hubs_Planung_270722.png\" \/>\n\t<meta property=\"og:image:width\" content=\"3000\" \/>\n\t<meta property=\"og:image:height\" content=\"1125\" \/>\n\t<meta property=\"og:image:type\" content=\"image\/png\" \/>\n<meta name=\"author\" content=\"Patrik\" \/>\n<meta name=\"twitter:card\" content=\"summary_large_image\" \/>\n<meta name=\"twitter:label1\" content=\"\u00c9crit par\" \/>\n\t<meta name=\"twitter:data1\" content=\"Patrik\" \/>\n\t<meta name=\"twitter:label2\" content=\"Dur\u00e9e de lecture estim\u00e9e\" \/>\n\t<meta name=\"twitter:data2\" content=\"2 minutes\" \/>\n<script type=\"application\/ld+json\" class=\"yoast-schema-graph\">{\"@context\":\"https:\\\/\\\/schema.org\",\"@graph\":[{\"@type\":\"Article\",\"@id\":\"https:\\\/\\\/www.cst.ch\\\/fr\\\/cst-commence-les-travaux-sur-le-terrain\\\/#article\",\"isPartOf\":{\"@id\":\"https:\\\/\\\/www.cst.ch\\\/fr\\\/cst-commence-les-travaux-sur-le-terrain\\\/\"},\"author\":{\"name\":\"Patrik\",\"@id\":\"https:\\\/\\\/www.cst.ch\\\/#\\\/schema\\\/person\\\/944169d2073f990eeeaf64278a0ab6a3\"},\"headline\":\"CST commence les travaux sur le terrain\",\"datePublished\":\"2023-01-25T14:03:24+00:00\",\"dateModified\":\"2023-01-25T14:03:25+00:00\",\"mainEntityOfPage\":{\"@id\":\"https:\\\/\\\/www.cst.ch\\\/fr\\\/cst-commence-les-travaux-sur-le-terrain\\\/\"},\"wordCount\":624,\"publisher\":{\"@id\":\"https:\\\/\\\/www.cst.ch\\\/#organization\"},\"image\":{\"@id\":\"https:\\\/\\\/www.cst.ch\\\/fr\\\/cst-commence-les-travaux-sur-le-terrain\\\/#primaryimage\"},\"thumbnailUrl\":\"https:\\\/\\\/www.cst.ch\\\/wp-content\\\/uploads\\\/2023\\\/01\\\/RZ_D_Karte_Teilstrecke_1_Hubs_Planung_270722.png\",\"articleSection\":[\"Non classifi\u00e9(e)\"],\"inLanguage\":\"fr-FR\"},{\"@type\":\"WebPage\",\"@id\":\"https:\\\/\\\/www.cst.ch\\\/fr\\\/cst-commence-les-travaux-sur-le-terrain\\\/\",\"url\":\"https:\\\/\\\/www.cst.ch\\\/fr\\\/cst-commence-les-travaux-sur-le-terrain\\\/\",\"name\":\"CST commence les travaux sur le terrain - Cargo sous terrain\",\"isPartOf\":{\"@id\":\"https:\\\/\\\/www.cst.ch\\\/#website\"},\"primaryImageOfPage\":{\"@id\":\"https:\\\/\\\/www.cst.ch\\\/fr\\\/cst-commence-les-travaux-sur-le-terrain\\\/#primaryimage\"},\"image\":{\"@id\":\"https:\\\/\\\/www.cst.ch\\\/fr\\\/cst-commence-les-travaux-sur-le-terrain\\\/#primaryimage\"},\"thumbnailUrl\":\"https:\\\/\\\/www.cst.ch\\\/wp-content\\\/uploads\\\/2023\\\/01\\\/RZ_D_Karte_Teilstrecke_1_Hubs_Planung_270722.png\",\"datePublished\":\"2023-01-25T14:03:24+00:00\",\"dateModified\":\"2023-01-25T14:03:25+00:00\",\"breadcrumb\":{\"@id\":\"https:\\\/\\\/www.cst.ch\\\/fr\\\/cst-commence-les-travaux-sur-le-terrain\\\/#breadcrumb\"},\"inLanguage\":\"fr-FR\",\"potentialAction\":[{\"@type\":\"ReadAction\",\"target\":[\"https:\\\/\\\/www.cst.ch\\\/fr\\\/cst-commence-les-travaux-sur-le-terrain\\\/\"]}]},{\"@type\":\"ImageObject\",\"inLanguage\":\"fr-FR\",\"@id\":\"https:\\\/\\\/www.cst.ch\\\/fr\\\/cst-commence-les-travaux-sur-le-terrain\\\/#primaryimage\",\"url\":\"https:\\\/\\\/www.cst.ch\\\/wp-content\\\/uploads\\\/2023\\\/01\\\/RZ_D_Karte_Teilstrecke_1_Hubs_Planung_270722.png\",\"contentUrl\":\"https:\\\/\\\/www.cst.ch\\\/wp-content\\\/uploads\\\/2023\\\/01\\\/RZ_D_Karte_Teilstrecke_1_Hubs_Planung_270722.png\",\"width\":3000,\"height\":1125},{\"@type\":\"BreadcrumbList\",\"@id\":\"https:\\\/\\\/www.cst.ch\\\/fr\\\/cst-commence-les-travaux-sur-le-terrain\\\/#breadcrumb\",\"itemListElement\":[{\"@type\":\"ListItem\",\"position\":1,\"name\":\"Startseite\",\"item\":\"https:\\\/\\\/www.cst.ch\\\/fr\\\/\"},{\"@type\":\"ListItem\",\"position\":2,\"name\":\"CST commence les travaux sur le terrain\"}]},{\"@type\":\"WebSite\",\"@id\":\"https:\\\/\\\/www.cst.ch\\\/#website\",\"url\":\"https:\\\/\\\/www.cst.ch\\\/\",\"name\":\"Cargo sous terrain\",\"description\":\"F\u00dcR LEBENSQUALIT\u00c4T\",\"publisher\":{\"@id\":\"https:\\\/\\\/www.cst.ch\\\/#organization\"},\"potentialAction\":[{\"@type\":\"SearchAction\",\"target\":{\"@type\":\"EntryPoint\",\"urlTemplate\":\"https:\\\/\\\/www.cst.ch\\\/?s={search_term_string}\"},\"query-input\":{\"@type\":\"PropertyValueSpecification\",\"valueRequired\":true,\"valueName\":\"search_term_string\"}}],\"inLanguage\":\"fr-FR\"},{\"@type\":\"Organization\",\"@id\":\"https:\\\/\\\/www.cst.ch\\\/#organization\",\"name\":\"Cargo sous terrain (CST)\",\"url\":\"https:\\\/\\\/www.cst.ch\\\/\",\"logo\":{\"@type\":\"ImageObject\",\"inLanguage\":\"fr-FR\",\"@id\":\"https:\\\/\\\/www.cst.ch\\\/#\\\/schema\\\/logo\\\/image\\\/\",\"url\":\"https:\\\/\\\/www.cst.ch\\\/wp-content\\\/uploads\\\/2019\\\/03\\\/CST_Logo_200.png\",\"contentUrl\":\"https:\\\/\\\/www.cst.ch\\\/wp-content\\\/uploads\\\/2019\\\/03\\\/CST_Logo_200.png\",\"width\":200,\"height\":89,\"caption\":\"Cargo sous terrain (CST)\"},\"image\":{\"@id\":\"https:\\\/\\\/www.cst.ch\\\/#\\\/schema\\\/logo\\\/image\\\/\"}},{\"@type\":\"Person\",\"@id\":\"https:\\\/\\\/www.cst.ch\\\/#\\\/schema\\\/person\\\/944169d2073f990eeeaf64278a0ab6a3\",\"name\":\"Patrik\",\"image\":{\"@type\":\"ImageObject\",\"inLanguage\":\"fr-FR\",\"@id\":\"https:\\\/\\\/secure.gravatar.com\\\/avatar\\\/3b1b2e707f6099e19f99aa33fbc59f1c67164160614f5befdcd68a0201f82095?s=96&d=mm&r=g\",\"url\":\"https:\\\/\\\/secure.gravatar.com\\\/avatar\\\/3b1b2e707f6099e19f99aa33fbc59f1c67164160614f5befdcd68a0201f82095?s=96&d=mm&r=g\",\"contentUrl\":\"https:\\\/\\\/secure.gravatar.com\\\/avatar\\\/3b1b2e707f6099e19f99aa33fbc59f1c67164160614f5befdcd68a0201f82095?s=96&d=mm&r=g\",\"caption\":\"Patrik\"},\"url\":\"https:\\\/\\\/www.cst.ch\\\/fr\\\/author\\\/patrik\\\/\"}]}<\/script>\n<!-- \/ Yoast SEO plugin. -->","yoast_head_json":{"title":"CST commence les travaux sur le terrain - Cargo sous terrain","robots":{"index":"index","follow":"follow","max-snippet":"max-snippet:-1","max-image-preview":"max-image-preview:large","max-video-preview":"max-video-preview:-1"},"canonical":"https:\/\/www.cst.ch\/fr\/cst-commence-les-travaux-sur-le-terrain\/","og_locale":"fr_FR","og_type":"article","og_title":"CST commence les travaux sur le terrain - Cargo sous terrain","og_description":"Cargo sous terrain (CST) lance les travaux sur le terrain. Gr\u00e2ce \u00e0 des forages et des mesures g\u00e9ophysiques, CST obtient des informations pr\u00e9cises sur le sous-sol afin de concr\u00e9tiser le premier tron\u00e7on entre H\u00e4rkingen et Zurich. Ces premi\u00e8res donn\u00e9es permettent le lancement de la proc\u00e9dure d\u2019autorisation de construire pour que le syst\u00e8me logistique puisse \u00eatre [&hellip;]","og_url":"https:\/\/www.cst.ch\/fr\/cst-commence-les-travaux-sur-le-terrain\/","og_site_name":"Cargo sous terrain","article_published_time":"2023-01-25T14:03:24+00:00","article_modified_time":"2023-01-25T14:03:25+00:00","og_image":[{"width":3000,"height":1125,"url":"https:\/\/www.cst.ch\/wp-content\/uploads\/2023\/01\/RZ_D_Karte_Teilstrecke_1_Hubs_Planung_270722.png","type":"image\/png"}],"author":"Patrik","twitter_card":"summary_large_image","twitter_misc":{"\u00c9crit par":"Patrik","Dur\u00e9e de lecture estim\u00e9e":"2 minutes"},"schema":{"@context":"https:\/\/schema.org","@graph":[{"@type":"Article","@id":"https:\/\/www.cst.ch\/fr\/cst-commence-les-travaux-sur-le-terrain\/#article","isPartOf":{"@id":"https:\/\/www.cst.ch\/fr\/cst-commence-les-travaux-sur-le-terrain\/"},"author":{"name":"Patrik","@id":"https:\/\/www.cst.ch\/#\/schema\/person\/944169d2073f990eeeaf64278a0ab6a3"},"headline":"CST commence les travaux sur le terrain","datePublished":"2023-01-25T14:03:24+00:00","dateModified":"2023-01-25T14:03:25+00:00","mainEntityOfPage":{"@id":"https:\/\/www.cst.ch\/fr\/cst-commence-les-travaux-sur-le-terrain\/"},"wordCount":624,"publisher":{"@id":"https:\/\/www.cst.ch\/#organization"},"image":{"@id":"https:\/\/www.cst.ch\/fr\/cst-commence-les-travaux-sur-le-terrain\/#primaryimage"},"thumbnailUrl":"https:\/\/www.cst.ch\/wp-content\/uploads\/2023\/01\/RZ_D_Karte_Teilstrecke_1_Hubs_Planung_270722.png","articleSection":["Non classifi\u00e9(e)"],"inLanguage":"fr-FR"},{"@type":"WebPage","@id":"https:\/\/www.cst.ch\/fr\/cst-commence-les-travaux-sur-le-terrain\/","url":"https:\/\/www.cst.ch\/fr\/cst-commence-les-travaux-sur-le-terrain\/","name":"CST commence les travaux sur le terrain - Cargo sous terrain","isPartOf":{"@id":"https:\/\/www.cst.ch\/#website"},"primaryImageOfPage":{"@id":"https:\/\/www.cst.ch\/fr\/cst-commence-les-travaux-sur-le-terrain\/#primaryimage"},"image":{"@id":"https:\/\/www.cst.ch\/fr\/cst-commence-les-travaux-sur-le-terrain\/#primaryimage"},"thumbnailUrl":"https:\/\/www.cst.ch\/wp-content\/uploads\/2023\/01\/RZ_D_Karte_Teilstrecke_1_Hubs_Planung_270722.png","datePublished":"2023-01-25T14:03:24+00:00","dateModified":"2023-01-25T14:03:25+00:00","breadcrumb":{"@id":"https:\/\/www.cst.ch\/fr\/cst-commence-les-travaux-sur-le-terrain\/#breadcrumb"},"inLanguage":"fr-FR","potentialAction":[{"@type":"ReadAction","target":["https:\/\/www.cst.ch\/fr\/cst-commence-les-travaux-sur-le-terrain\/"]}]},{"@type":"ImageObject","inLanguage":"fr-FR","@id":"https:\/\/www.cst.ch\/fr\/cst-commence-les-travaux-sur-le-terrain\/#primaryimage","url":"https:\/\/www.cst.ch\/wp-content\/uploads\/2023\/01\/RZ_D_Karte_Teilstrecke_1_Hubs_Planung_270722.png","contentUrl":"https:\/\/www.cst.ch\/wp-content\/uploads\/2023\/01\/RZ_D_Karte_Teilstrecke_1_Hubs_Planung_270722.png","width":3000,"height":1125},{"@type":"BreadcrumbList","@id":"https:\/\/www.cst.ch\/fr\/cst-commence-les-travaux-sur-le-terrain\/#breadcrumb","itemListElement":[{"@type":"ListItem","position":1,"name":"Startseite","item":"https:\/\/www.cst.ch\/fr\/"},{"@type":"ListItem","position":2,"name":"CST commence les travaux sur le terrain"}]},{"@type":"WebSite","@id":"https:\/\/www.cst.ch\/#website","url":"https:\/\/www.cst.ch\/","name":"Cargo sous terrain","description":"F\u00dcR LEBENSQUALIT\u00c4T","publisher":{"@id":"https:\/\/www.cst.ch\/#organization"},"potentialAction":[{"@type":"SearchAction","target":{"@type":"EntryPoint","urlTemplate":"https:\/\/www.cst.ch\/?s={search_term_string}"},"query-input":{"@type":"PropertyValueSpecification","valueRequired":true,"valueName":"search_term_string"}}],"inLanguage":"fr-FR"},{"@type":"Organization","@id":"https:\/\/www.cst.ch\/#organization","name":"Cargo sous terrain (CST)","url":"https:\/\/www.cst.ch\/","logo":{"@type":"ImageObject","inLanguage":"fr-FR","@id":"https:\/\/www.cst.ch\/#\/schema\/logo\/image\/","url":"https:\/\/www.cst.ch\/wp-content\/uploads\/2019\/03\/CST_Logo_200.png","contentUrl":"https:\/\/www.cst.ch\/wp-content\/uploads\/2019\/03\/CST_Logo_200.png","width":200,"height":89,"caption":"Cargo sous terrain (CST)"},"image":{"@id":"https:\/\/www.cst.ch\/#\/schema\/logo\/image\/"}},{"@type":"Person","@id":"https:\/\/www.cst.ch\/#\/schema\/person\/944169d2073f990eeeaf64278a0ab6a3","name":"Patrik","image":{"@type":"ImageObject","inLanguage":"fr-FR","@id":"https:\/\/secure.gravatar.com\/avatar\/3b1b2e707f6099e19f99aa33fbc59f1c67164160614f5befdcd68a0201f82095?s=96&d=mm&r=g","url":"https:\/\/secure.gravatar.com\/avatar\/3b1b2e707f6099e19f99aa33fbc59f1c67164160614f5befdcd68a0201f82095?s=96&d=mm&r=g","contentUrl":"https:\/\/secure.gravatar.com\/avatar\/3b1b2e707f6099e19f99aa33fbc59f1c67164160614f5befdcd68a0201f82095?s=96&d=mm&r=g","caption":"Patrik"},"url":"https:\/\/www.cst.ch\/fr\/author\/patrik\/"}]}},"_links":{"self":[{"href":"https:\/\/www.cst.ch\/fr\/wp-json\/wp\/v2\/posts\/9527","targetHints":{"allow":["GET"]}}],"collection":[{"href":"https:\/\/www.cst.ch\/fr\/wp-json\/wp\/v2\/posts"}],"about":[{"href":"https:\/\/www.cst.ch\/fr\/wp-json\/wp\/v2\/types\/post"}],"author":[{"embeddable":true,"href":"https:\/\/www.cst.ch\/fr\/wp-json\/wp\/v2\/users\/4"}],"replies":[{"embeddable":true,"href":"https:\/\/www.cst.ch\/fr\/wp-json\/wp\/v2\/comments?post=9527"}],"version-history":[{"count":9,"href":"https:\/\/www.cst.ch\/fr\/wp-json\/wp\/v2\/posts\/9527\/revisions"}],"predecessor-version":[{"id":9607,"href":"https:\/\/www.cst.ch\/fr\/wp-json\/wp\/v2\/posts\/9527\/revisions\/9607"}],"wp:featuredmedia":[{"embeddable":true,"href":"https:\/\/www.cst.ch\/fr\/wp-json\/wp\/v2\/media\/9536"}],"wp:attachment":[{"href":"https:\/\/www.cst.ch\/fr\/wp-json\/wp\/v2\/media?parent=9527"}],"wp:term":[{"taxonomy":"category","embeddable":true,"href":"https:\/\/www.cst.ch\/fr\/wp-json\/wp\/v2\/categories?post=9527"},{"taxonomy":"post_tag","embeddable":true,"href":"https:\/\/www.cst.ch\/fr\/wp-json\/wp\/v2\/tags?post=9527"}],"curies":[{"name":"wp","href":"https:\/\/api.w.org\/{rel}","templated":true}]}}